{"id":5505,"date":"2017-04-13T01:23:19","date_gmt":"2017-04-12T23:23:19","guid":{"rendered":"http:\/\/www.turnarit.si\/?p=5505"},"modified":"2022-01-24T10:47:45","modified_gmt":"2022-01-24T09:47:45","slug":"punta-san-matteo","status":"publish","type":"post","link":"http:\/\/www.turnarit.si\/index.php\/archives\/5505","title":{"rendered":"Punta San Matteo"},"content":{"rendered":"<p><a href=\"http:\/\/www.turnarit.si\/wp-content\/uploads\/2017\/04\/IMG_7551-Large.jpg\"><img loading=\"lazy\" title=\"Proti San Matteo.\" class=\"alignnone size-large wp-image-5506\" src=\"http:\/\/www.turnarit.si\/wp-content\/uploads\/2017\/04\/IMG_7551-Large-1024x768.jpg\" alt=\"\" width=\"640\" height=\"480\" srcset=\"http:\/\/www.turnarit.si\/wp-content\/uploads\/2017\/04\/IMG_7551-Large-1024x768.jpg 1024w, http:\/\/www.turnarit.si\/wp-content\/uploads\/2017\/04\/IMG_7551-Large-300x225.jpg 300w, http:\/\/www.turnarit.si\/wp-content\/uploads\/2017\/04\/IMG_7551-Large.jpg 1440w\" sizes=\"(max-width: 640px) 100vw, 640px\" \/><\/a><span style=\"color: #000000; font-family: Calibri;\">Za zadnji dan smo si pri\u0161parali najlep\u0161ega<!--more--> nad ko\u010do Rifugio Branca, kjer smo 2x prespali.<br \/>\n<\/span><span style=\"color: #000000; font-family: Calibri;\">Vzpon ni potekal \u010disto gladko, kot prej\u0161nja dva. \u017de na \u0161tartu smo za 10m natikali dereze in \u0161e enkrat pod vrhom, kjer nas je pri\u010dakal led. Potem je \u0161lo z dilami do vrha.<br \/>\n<\/span><span style=\"color: #000000; font-family: Calibri;\">Smuka z vrha je bila fajn razgibana, raznolika in kr dolga. Ujeli smo celo nekaj celca, malo \u0161korje, ni\u017eje potem puter in \u010disto spodaj globok gnoj.<br \/>\n<\/span><span style=\"color: #000000; font-family: Calibri;\">Bili so fajn trije dnevi, sploh pa vreme!<\/span><\/p>\n<p><span style=\"color: #000000; font-family: Calibri;\">Ludvik, Andy in \u0160tehi<\/span><\/p>\n<p><span style=\"color: #000000; font-family: Calibri;\"><!-- default-view.php -->\n<div\n\tclass=\"ngg-galleryoverview default-view \"\n\tid=\"ngg-gallery-f7f3e4ab5c11550dea32fde5500cceed-1\">\n\n\t\t<!-- Thumbnails -->\n\t\t\t\t<div id=\"ngg-image-0\" class=\"ngg-gallery-thumbnail-box \" >\n\t\t\t\t        <div class=\"ngg-gallery-thumbnail\">\n            <a href=\"http:\/\/www.turnarit.si\/wp-content\/gallery\/punta-san-matteo-10-4-17_1\/img_1036.jpg\"\n               title=\"\"\n               data-src=\"http:\/\/www.turnarit.si\/wp-content\/gallery\/punta-san-matteo-10-4-17_1\/img_1036.jpg\"\n               data-thumbnail=\"http:\/\/www.turnarit.si\/wp-content\/gallery\/punta-san-matteo-10-4-17_1\/thumbs\/thumbs_img_1036.jpg\"\n               data-image-id=\"3634\"\n               data-title=\"img_1036\"\n               data-description=\"\"\n               data-image-slug=\"image-1127\"\n               class=\"ngg-simplelightbox\" rel=\"f7f3e4ab5c11550dea32fde5500cceed\">\n                <img\n                    title=\"img_1036\"\n                    alt=\"img_1036\"\n                    src=\"http:\/\/www.turnarit.si\/wp-content\/gallery\/punta-san-matteo-10-4-17_1\/cache\/img_1036.jpg-nggid043634-ngg0dyn-125x95x100-00f0w010c010r110f110r010t010.jpg\"\n                    width=\"125\"\n                    height=\"95\"\n                    style=\"max-width:100%;\"\n                \/>\n            <\/a>\n        <\/div>\n\t\t\t\t\t\t\t<\/div> \n\t\t\t\n\t\t\t\t<div id=\"ngg-image-1\" class=\"ngg-gallery-thumbnail-box \" >\n\t\t\t\t        <div class=\"ngg-gallery-thumbnail\">\n            <a href=\"http:\/\/www.turnarit.si\/wp-content\/gallery\/punta-san-matteo-10-4-17_1\/img_1053.jpg\"\n               title=\"Super jutranja panorama. Cevedale, Pasquale, K\u00f6nigspitze in Ortler.\"\n               data-src=\"http:\/\/www.turnarit.si\/wp-content\/gallery\/punta-san-matteo-10-4-17_1\/img_1053.jpg\"\n               data-thumbnail=\"http:\/\/www.turnarit.si\/wp-content\/gallery\/punta-san-matteo-10-4-17_1\/thumbs\/thumbs_img_1053.jpg\"\n               data-image-id=\"3635\"\n               data-title=\"Super jutranja panorama. Cevedale, Pasquale, K\u00f6nigspitze in Ortler.\"\n               data-description=\"Super jutranja panorama. Cevedale, Pasquale, K\u00f6nigspitze in Ortler.\"\n               data-image-slug=\"super-jutranja-panorama-cevedale-pasquale-konigspitze-in-ortler\"\n               class=\"ngg-simplelightbox\" rel=\"f7f3e4ab5c11550dea32fde5500cceed\">\n                <img\n                    title=\"Super jutranja panorama. Cevedale, Pasquale, K\u00f6nigspitze in Ortler.\"\n                    alt=\"Super jutranja panorama. Cevedale, Pasquale, K\u00f6nigspitze in Ortler.\"\n                    src=\"http:\/\/www.turnarit.si\/wp-content\/gallery\/punta-san-matteo-10-4-17_1\/cache\/img_1053.jpg-nggid043635-ngg0dyn-125x95x100-00f0w010c010r110f110r010t010.jpg\"\n                    width=\"125\"\n                    height=\"95\"\n                    style=\"max-width:100%;\"\n                \/>\n            <\/a>\n        <\/div>\n\t\t\t\t\t\t\t<\/div> \n\t\t\t\n\t\t\t\t<div id=\"ngg-image-2\" class=\"ngg-gallery-thumbnail-box \" >\n\t\t\t\t        <div class=\"ngg-gallery-thumbnail\">\n            <a href=\"http:\/\/www.turnarit.si\/wp-content\/gallery\/punta-san-matteo-10-4-17_1\/img_1066.jpg\"\n               title=\"Pod vrhom spet na dereze za 30 vi\u0161incev.\"\n               data-src=\"http:\/\/www.turnarit.si\/wp-content\/gallery\/punta-san-matteo-10-4-17_1\/img_1066.jpg\"\n               data-thumbnail=\"http:\/\/www.turnarit.si\/wp-content\/gallery\/punta-san-matteo-10-4-17_1\/thumbs\/thumbs_img_1066.jpg\"\n               data-image-id=\"3636\"\n               data-title=\"Pod vrhom spet na dereze za 30 vi\u0161incev.\"\n               data-description=\"Pod vrhom spet na dereze za 30 vi\u0161incev.\"\n               data-image-slug=\"pod-vrhom-spet-na-dereze-za-30-visincev\"\n               class=\"ngg-simplelightbox\" rel=\"f7f3e4ab5c11550dea32fde5500cceed\">\n                <img\n                    title=\"Pod vrhom spet na dereze za 30 vi\u0161incev.\"\n                    alt=\"Pod vrhom spet na dereze za 30 vi\u0161incev.\"\n                    src=\"http:\/\/www.turnarit.si\/wp-content\/gallery\/punta-san-matteo-10-4-17_1\/cache\/img_1066.jpg-nggid043636-ngg0dyn-125x95x100-00f0w010c010r110f110r010t010.jpg\"\n                    width=\"125\"\n                    height=\"95\"\n                    style=\"max-width:100%;\"\n                \/>\n            <\/a>\n        <\/div>\n\t\t\t\t\t\t\t<\/div> \n\t\t\t\n\t\t\t\t<div id=\"ngg-image-3\" class=\"ngg-gallery-thumbnail-box \" >\n\t\t\t\t        <div class=\"ngg-gallery-thumbnail\">\n            <a href=\"http:\/\/www.turnarit.si\/wp-content\/gallery\/punta-san-matteo-10-4-17_1\/img_1070.jpg\"\n               title=\"Punta San Matteo (3678m).\"\n               data-src=\"http:\/\/www.turnarit.si\/wp-content\/gallery\/punta-san-matteo-10-4-17_1\/img_1070.jpg\"\n               data-thumbnail=\"http:\/\/www.turnarit.si\/wp-content\/gallery\/punta-san-matteo-10-4-17_1\/thumbs\/thumbs_img_1070.jpg\"\n               data-image-id=\"3637\"\n               data-title=\"Punta San Matteo (3678m).\"\n               data-description=\"Punta San Matteo (3678m).\"\n               data-image-slug=\"punta-san-matteo-3678m\"\n               class=\"ngg-simplelightbox\" rel=\"f7f3e4ab5c11550dea32fde5500cceed\">\n                <img\n                    title=\"Punta San Matteo (3678m).\"\n                    alt=\"Punta San Matteo (3678m).\"\n                    src=\"http:\/\/www.turnarit.si\/wp-content\/gallery\/punta-san-matteo-10-4-17_1\/cache\/img_1070.jpg-nggid043637-ngg0dyn-125x95x100-00f0w010c010r110f110r010t010.jpg\"\n                    width=\"125\"\n                    height=\"95\"\n                    style=\"max-width:100%;\"\n                \/>\n            <\/a>\n        <\/div>\n\t\t\t\t\t\t\t<\/div> \n\t\t\t\n\t\t\t\t<div id=\"ngg-image-4\" class=\"ngg-gallery-thumbnail-box \" >\n\t\t\t\t        <div class=\"ngg-gallery-thumbnail\">\n            <a href=\"http:\/\/www.turnarit.si\/wp-content\/gallery\/punta-san-matteo-10-4-17_1\/img_1074.jpg\"\n               title=\"Skoraj pr\u0161i\u010d.\"\n               data-src=\"http:\/\/www.turnarit.si\/wp-content\/gallery\/punta-san-matteo-10-4-17_1\/img_1074.jpg\"\n               data-thumbnail=\"http:\/\/www.turnarit.si\/wp-content\/gallery\/punta-san-matteo-10-4-17_1\/thumbs\/thumbs_img_1074.jpg\"\n               data-image-id=\"3638\"\n               data-title=\"Skoraj pr\u0161i\u010d.\"\n               data-description=\"Skoraj pr\u0161i\u010d.\"\n               data-image-slug=\"skoraj-prsic\"\n               class=\"ngg-simplelightbox\" rel=\"f7f3e4ab5c11550dea32fde5500cceed\">\n                <img\n                    title=\"Skoraj pr\u0161i\u010d.\"\n                    alt=\"Skoraj pr\u0161i\u010d.\"\n                    src=\"http:\/\/www.turnarit.si\/wp-content\/gallery\/punta-san-matteo-10-4-17_1\/cache\/img_1074.jpg-nggid043638-ngg0dyn-125x95x100-00f0w010c010r110f110r010t010.jpg\"\n                    width=\"125\"\n                    height=\"95\"\n                    style=\"max-width:100%;\"\n                \/>\n            <\/a>\n        <\/div>\n\t\t\t\t\t\t\t<\/div> \n\t\t\t\n\t\t\t\t<div id=\"ngg-image-5\" class=\"ngg-gallery-thumbnail-box \" >\n\t\t\t\t        <div class=\"ngg-gallery-thumbnail\">\n            <a href=\"http:\/\/www.turnarit.si\/wp-content\/gallery\/punta-san-matteo-10-4-17_1\/img_1081.jpg\"\n               title=\"Panoramska smuka.\"\n               data-src=\"http:\/\/www.turnarit.si\/wp-content\/gallery\/punta-san-matteo-10-4-17_1\/img_1081.jpg\"\n               data-thumbnail=\"http:\/\/www.turnarit.si\/wp-content\/gallery\/punta-san-matteo-10-4-17_1\/thumbs\/thumbs_img_1081.jpg\"\n               data-image-id=\"3639\"\n               data-title=\"Panoramska smuka.\"\n               data-description=\"Panoramska smuka.\"\n               data-image-slug=\"panoramska-smuka-3\"\n               class=\"ngg-simplelightbox\" rel=\"f7f3e4ab5c11550dea32fde5500cceed\">\n                <img\n                    title=\"Panoramska smuka.\"\n                    alt=\"Panoramska smuka.\"\n                    src=\"http:\/\/www.turnarit.si\/wp-content\/gallery\/punta-san-matteo-10-4-17_1\/cache\/img_1081.jpg-nggid043639-ngg0dyn-125x95x100-00f0w010c010r110f110r010t010.jpg\"\n                    width=\"125\"\n                    height=\"95\"\n                    style=\"max-width:100%;\"\n                \/>\n            <\/a>\n        <\/div>\n\t\t\t\t\t\t\t<\/div> \n\t\t\t\n\t\t\t\t<div id=\"ngg-image-6\" class=\"ngg-gallery-thumbnail-box \" >\n\t\t\t\t        <div class=\"ngg-gallery-thumbnail\">\n            <a href=\"http:\/\/www.turnarit.si\/wp-content\/gallery\/punta-san-matteo-10-4-17_1\/img_1085.jpg\"\n               title=\"Fajn celc.\"\n               data-src=\"http:\/\/www.turnarit.si\/wp-content\/gallery\/punta-san-matteo-10-4-17_1\/img_1085.jpg\"\n               data-thumbnail=\"http:\/\/www.turnarit.si\/wp-content\/gallery\/punta-san-matteo-10-4-17_1\/thumbs\/thumbs_img_1085.jpg\"\n               data-image-id=\"3640\"\n               data-title=\"Fajn celc.\"\n               data-description=\"Fajn celc.\"\n               data-image-slug=\"fajn-celc\"\n               class=\"ngg-simplelightbox\" rel=\"f7f3e4ab5c11550dea32fde5500cceed\">\n                <img\n                    title=\"Fajn celc.\"\n                    alt=\"Fajn celc.\"\n                    src=\"http:\/\/www.turnarit.si\/wp-content\/gallery\/punta-san-matteo-10-4-17_1\/cache\/img_1085.jpg-nggid043640-ngg0dyn-125x95x100-00f0w010c010r110f110r010t010.jpg\"\n                    width=\"125\"\n                    height=\"95\"\n                    style=\"max-width:100%;\"\n                \/>\n            <\/a>\n        <\/div>\n\t\t\t\t\t\t\t<\/div> \n\t\t\t\n\t\t\t\t<div id=\"ngg-image-7\" class=\"ngg-gallery-thumbnail-box \" >\n\t\t\t\t        <div class=\"ngg-gallery-thumbnail\">\n            <a href=\"http:\/\/www.turnarit.si\/wp-content\/gallery\/punta-san-matteo-10-4-17_1\/img_1089.jpg\"\n               title=\"Lej tam so moje \u0161pure!\"\n               data-src=\"http:\/\/www.turnarit.si\/wp-content\/gallery\/punta-san-matteo-10-4-17_1\/img_1089.jpg\"\n               data-thumbnail=\"http:\/\/www.turnarit.si\/wp-content\/gallery\/punta-san-matteo-10-4-17_1\/thumbs\/thumbs_img_1089.jpg\"\n               data-image-id=\"3641\"\n               data-title=\"Lej tam so moje \u0161pure!\"\n               data-description=\"Lej tam so moje \u0161pure!\"\n               data-image-slug=\"lej-tam-so-moje-spure\"\n               class=\"ngg-simplelightbox\" rel=\"f7f3e4ab5c11550dea32fde5500cceed\">\n                <img\n                    title=\"Lej tam so moje \u0161pure!\"\n                    alt=\"Lej tam so moje \u0161pure!\"\n                    src=\"http:\/\/www.turnarit.si\/wp-content\/gallery\/punta-san-matteo-10-4-17_1\/cache\/img_1089.jpg-nggid043641-ngg0dyn-125x95x100-00f0w010c010r110f110r010t010.jpg\"\n                    width=\"125\"\n                    height=\"95\"\n                    style=\"max-width:100%;\"\n                \/>\n            <\/a>\n        <\/div>\n\t\t\t\t\t\t\t<\/div> \n\t\t\t\n\t\t\t\t<div id=\"ngg-image-8\" class=\"ngg-gallery-thumbnail-box \" >\n\t\t\t\t        <div class=\"ngg-gallery-thumbnail\">\n            <a href=\"http:\/\/www.turnarit.si\/wp-content\/gallery\/punta-san-matteo-10-4-17_1\/img_1102.jpg\"\n               title=\"Canalino Isola Persa.\"\n               data-src=\"http:\/\/www.turnarit.si\/wp-content\/gallery\/punta-san-matteo-10-4-17_1\/img_1102.jpg\"\n               data-thumbnail=\"http:\/\/www.turnarit.si\/wp-content\/gallery\/punta-san-matteo-10-4-17_1\/thumbs\/thumbs_img_1102.jpg\"\n               data-image-id=\"3642\"\n               data-title=\"Canalino Isola Persa.\"\n               data-description=\"Canalino Isola Persa.\"\n               data-image-slug=\"canalino-isola-persa\"\n               class=\"ngg-simplelightbox\" rel=\"f7f3e4ab5c11550dea32fde5500cceed\">\n                <img\n                    title=\"Canalino Isola Persa.\"\n                    alt=\"Canalino Isola Persa.\"\n                    src=\"http:\/\/www.turnarit.si\/wp-content\/gallery\/punta-san-matteo-10-4-17_1\/cache\/img_1102.jpg-nggid043642-ngg0dyn-125x95x100-00f0w010c010r110f110r010t010.jpg\"\n                    width=\"125\"\n                    height=\"95\"\n                    style=\"max-width:100%;\"\n                \/>\n            <\/a>\n        <\/div>\n\t\t\t\t\t\t\t<\/div> \n\t\t\t\n\t\t\t\t<div id=\"ngg-image-9\" class=\"ngg-gallery-thumbnail-box \" >\n\t\t\t\t        <div class=\"ngg-gallery-thumbnail\">\n            <a href=\"http:\/\/www.turnarit.si\/wp-content\/gallery\/punta-san-matteo-10-4-17_1\/img_1109.jpg\"\n               title=\"Je \u0161lo z dilami do parkplaca (2158m) zraven ko\u010de Rifugio Forni.\"\n               data-src=\"http:\/\/www.turnarit.si\/wp-content\/gallery\/punta-san-matteo-10-4-17_1\/img_1109.jpg\"\n               data-thumbnail=\"http:\/\/www.turnarit.si\/wp-content\/gallery\/punta-san-matteo-10-4-17_1\/thumbs\/thumbs_img_1109.jpg\"\n               data-image-id=\"3643\"\n               data-title=\"Je \u0161lo z dilami do parkplaca (2158m) zraven ko\u010de Rifugio Forni.\"\n               data-description=\"Je \u0161lo z dilami do parkplaca (2158m) zraven ko\u010de Rifugio Forni.\"\n               data-image-slug=\"je-slo-z-dilami-do-parkplaca-2158m-zraven-koce-rifugio-forni\"\n               class=\"ngg-simplelightbox\" rel=\"f7f3e4ab5c11550dea32fde5500cceed\">\n                <img\n                    title=\"Je \u0161lo z dilami do parkplaca (2158m) zraven ko\u010de Rifugio Forni.\"\n                    alt=\"Je \u0161lo z dilami do parkplaca (2158m) zraven ko\u010de Rifugio Forni.\"\n                    src=\"http:\/\/www.turnarit.si\/wp-content\/gallery\/punta-san-matteo-10-4-17_1\/cache\/img_1109.jpg-nggid043643-ngg0dyn-125x95x100-00f0w010c010r110f110r010t010.jpg\"\n                    width=\"125\"\n                    height=\"95\"\n                    style=\"max-width:100%;\"\n                \/>\n            <\/a>\n        <\/div>\n\t\t\t\t\t\t\t<\/div> \n\t\t\t\n\t\n\t<br style=\"clear: both\" \/>\n\n\t\n\t\t<!-- Pagination -->\n\t<div class='ngg-clear'><\/div>\t<\/div>\n<br \/>\n<\/span><\/p>\n","protected":false},"excerpt":{"rendered":"<p>Za zadnji dan smo si pri\u0161parali najlep\u0161ega<\/p>\n","protected":false},"author":3,"featured_media":0,"comment_status":"closed","ping_status":"closed","sticky":false,"template":"","format":"standard","meta":{"ngg_post_thumbnail":0},"categories":[1],"tags":[972],"_links":{"self":[{"href":"http:\/\/www.turnarit.si\/index.php\/wp-json\/wp\/v2\/posts\/5505"}],"collection":[{"href":"http:\/\/www.turnarit.si\/index.php\/wp-json\/wp\/v2\/posts"}],"about":[{"href":"http:\/\/www.turnarit.si\/index.php\/wp-json\/wp\/v2\/types\/post"}],"author":[{"embeddable":true,"href":"http:\/\/www.turnarit.si\/index.php\/wp-json\/wp\/v2\/users\/3"}],"replies":[{"embeddable":true,"href":"http:\/\/www.turnarit.si\/index.php\/wp-json\/wp\/v2\/comments?post=5505"}],"version-history":[{"count":5,"href":"http:\/\/www.turnarit.si\/index.php\/wp-json\/wp\/v2\/posts\/5505\/revisions"}],"predecessor-version":[{"id":5511,"href":"http:\/\/www.turnarit.si\/index.php\/wp-json\/wp\/v2\/posts\/5505\/revisions\/5511"}],"wp:attachment":[{"href":"http:\/\/www.turnarit.si\/index.php\/wp-json\/wp\/v2\/media?parent=5505"}],"wp:term":[{"taxonomy":"category","embeddable":true,"href":"http:\/\/www.turnarit.si\/index.php\/wp-json\/wp\/v2\/categories?post=5505"},{"taxonomy":"post_tag","embeddable":true,"href":"http:\/\/www.turnarit.si\/index.php\/wp-json\/wp\/v2\/tags?post=5505"}],"curies":[{"name":"wp","href":"https:\/\/api.w.org\/{rel}","templated":true}]}}